{"id":1051,"date":"2016-11-13T23:41:51","date_gmt":"2016-11-13T23:41:51","guid":{"rendered":"http:\/\/soaresadvocacia.adv.br\/site\/?p=1051"},"modified":"2016-11-14T23:48:17","modified_gmt":"2016-11-14T23:48:17","slug":"receita-federal-assina-convenio-com-a-previc","status":"publish","type":"post","link":"https:\/\/soaresadvocacia.adv.br\/site\/2016\/11\/13\/receita-federal-assina-convenio-com-a-previc\/","title":{"rendered":"Receita Federal assina conv\u00eanio com a Previc"},"content":{"rendered":"<p style=\"text-align: justify;\">Conv\u00eanio tem como objeto a cess\u00e3o de uso do software Cont\u00e1gil<\/p>\n<p>A Secretaria da Receita Federal do Brasil e a Superintend\u00eancia Nacional de Previd\u00eancia Complementar &#8211; Previc firmaram, na \u00faltima semana, conv\u00eanio que tem como objeto a cess\u00e3o de uso do software Cont\u00e1gil, uma ferramenta desenvolvida pela RFB, que fortalecer\u00e1 o processo de supervis\u00e3o, especialmente no que concerne \u00e0s a\u00e7\u00f5es de fiscaliza\u00e7\u00e3o.<\/p>\n<p>O sistema faz parte do arcabou\u00e7o de Intelig\u00eancia da RFB e permitir\u00e1 o cruzamento e a concilia\u00e7\u00e3o de dados e o suporte anal\u00edtico ao auditor-fiscal da Receita em atua\u00e7\u00e3o nas Entidades Fechadas de Previd\u00eancia Complementar -EFPC, \u00e1rea de atua\u00e7\u00e3o da Previc.<\/p>\n<p>A iniciativa teve em sua origem a contribui\u00e7\u00e3o do subsecret\u00e1rio de Fiscaliza\u00e7\u00e3o da Receita Federal, o auditor-fiscal I\u00e1garo Martins, que vislumbrou a possibilidade de aproveitar o desenvolvimento de m\u00f3dulo a ser compartilhado com as fiscaliza\u00e7\u00f5es tribut\u00e1rias dos demais entes federativos e tamb\u00e9m com a Previc. O secret\u00e1rio da Receita Federal do Brasil, o auditor-fiscal Jorge Rachid, articulou os esfor\u00e7os no \u00e2mbito da RFB para que a iniciativa fosse implementada.<\/p>\n<p>Al\u00e9m de aumentar a efetividade do processo de supervis\u00e3o das entidades, o uso do software Cont\u00e1gil resultar\u00e1 em significativa economia aos cofres p\u00fablicos, j\u00e1 que se trata de licen\u00e7a de uso transferida sem \u00f4nus. A outra op\u00e7\u00e3o seria a aquisi\u00e7\u00e3o de ferramenta similar no mercado.<\/p>\n<p>A familiaridade com a ferramenta, que passar\u00e1 tamb\u00e9m a servir \u00e0 fiscaliza\u00e7\u00e3o das EFPC, permitir\u00e1 ganhos qualitativos nos processos das organiza\u00e7\u00f5es considerando, inclusive, o processo de mobilidade do referido profissional entre as duas institui\u00e7\u00f5es, RFB e Previc.<\/p>\n<p>A parceria com organiza\u00e7\u00f5es de Estado reconhecidamente excelentes traz benef\u00edcios para o p\u00fablico em geral e, nesse caso em particular, para os participantes e assistidos das entidades fechadas de previd\u00eancia complementar, que contar\u00e3o com uma fiscaliza\u00e7\u00e3o mais bem instrumentalizada.<\/p>\n<p>Os auditores-fiscais em atua\u00e7\u00e3o na Previc j\u00e1 foram treinados, havendo expectativa de dissemina\u00e7\u00e3o do conhecimento para uso da ferramenta e a sua universaliza\u00e7\u00e3o ainda no primeiro semestre de 2017.<\/p>\n<hr \/>\n<p style=\"text-align: justify;\">Fonte: <a href=\"http:\/\/idg.receita.fazenda.gov.br\/noticias\/ascom\/2016\/novembro\/receita-federal-assina-convenio-com-a-previc\">Receita Federal.<\/a><\/p>\n","protected":false},"excerpt":{"rendered":"<p>Conv\u00eanio tem como objeto a cess\u00e3o de uso do software Cont\u00e1gil A Secretaria da Receita Federal do Brasil e a Superintend\u00eancia Nacional de Previd\u00eancia Complementar &#8211; Previc firmaram, na \u00faltima semana, conv\u00eanio que tem como objeto a cess\u00e3o de uso do software Cont\u00e1gil, uma ferramenta desenvolvida pela RFB, que fortalecer\u00e1 o processo de supervis\u00e3o, especialmente&#8230;<\/p>\n","protected":false},"author":1,"featured_media":1057,"comment_status":"closed","ping_status":"closed","sticky":false,"template":"","format":"standard","meta":{"footnotes":""},"categories":[20],"tags":[],"_links":{"self":[{"href":"https:\/\/soaresadvocacia.adv.br\/site\/wp-json\/wp\/v2\/posts\/1051"}],"collection":[{"href":"https:\/\/soaresadvocacia.adv.br\/site\/wp-json\/wp\/v2\/posts"}],"about":[{"href":"https:\/\/soaresadvocacia.adv.br\/site\/wp-json\/wp\/v2\/types\/post"}],"author":[{"embeddable":true,"href":"https:\/\/soaresadvocacia.adv.br\/site\/wp-json\/wp\/v2\/users\/1"}],"replies":[{"embeddable":true,"href":"https:\/\/soaresadvocacia.adv.br\/site\/wp-json\/wp\/v2\/comments?post=1051"}],"version-history":[{"count":2,"href":"https:\/\/soaresadvocacia.adv.br\/site\/wp-json\/wp\/v2\/posts\/1051\/revisions"}],"predecessor-version":[{"id":1058,"href":"https:\/\/soaresadvocacia.adv.br\/site\/wp-json\/wp\/v2\/posts\/1051\/revisions\/1058"}],"wp:featuredmedia":[{"embeddable":true,"href":"https:\/\/soaresadvocacia.adv.br\/site\/wp-json\/wp\/v2\/media\/1057"}],"wp:attachment":[{"href":"https:\/\/soaresadvocacia.adv.br\/site\/wp-json\/wp\/v2\/media?parent=1051"}],"wp:term":[{"taxonomy":"category","embeddable":true,"href":"https:\/\/soaresadvocacia.adv.br\/site\/wp-json\/wp\/v2\/categories?post=1051"},{"taxonomy":"post_tag","embeddable":true,"href":"https:\/\/soaresadvocacia.adv.br\/site\/wp-json\/wp\/v2\/tags?post=1051"}],"curies":[{"name":"wp","href":"https:\/\/api.w.org\/{rel}","templated":true}]}}