{"id":1069,"date":"2017-06-14T14:24:28","date_gmt":"2017-06-14T14:24:28","guid":{"rendered":"http:\/\/soaresadvocacia.adv.br\/site\/?p=1069"},"modified":"2017-06-14T14:31:02","modified_gmt":"2017-06-14T14:31:02","slug":"gdf-explica-a-empresarios-como-esta-combatendo-comercio-irregular","status":"publish","type":"post","link":"https:\/\/soaresadvocacia.adv.br\/site\/2017\/06\/14\/gdf-explica-a-empresarios-como-esta-combatendo-comercio-irregular\/","title":{"rendered":"GDF explica a empres\u00e1rios como est\u00e1 combatendo com\u00e9rcio irregular"},"content":{"rendered":"<p>Ascom SEDES<\/p>\n<p style=\"text-align: justify;\">Representantes de diversos \u00f3rg\u00e3os do Governo de Bras\u00edlia se reuniram nesta sexta-feira (9) com empres\u00e1rios para explicar como o governo est\u00e1 combatendo o com\u00e9rcio irregular no Distrito Federal. A A\u00e7\u00e3o Integrada do GDF para combater o com\u00e9rcio irregular com a formaliza\u00e7\u00e3o das empresas e empreendedores, como ocorre na regi\u00e3o da Orla JK, junto \u00e0 Terceira Ponte, conta com o aux\u00edlio de diferentes \u00f3rg\u00e3os do governo, como Agefis, Pol\u00edcia, Detran, Sebrae, Secretarias de Estado e, principalmente, a Administra\u00e7\u00e3o de Bras\u00edlia.<\/p>\n<p style=\"text-align: justify;\">As a\u00e7\u00f5es de fiscaliza\u00e7\u00e3o em paralelo com as de formaliza\u00e7\u00e3o continuar\u00e3o sob a coordena\u00e7\u00e3o da Administra\u00e7\u00e3o de Bras\u00edlia e recebem total apoio dos empres\u00e1rios donos de bares e restaurantes instalados na Orla JK. Eles se mostraram felizes pela iniciativa do GDF, dizendo que os comerciantes irregulares prejudicam as atividades empresariais formalmente estabelecidos.Na pr\u00f3xima semana haver\u00e1 uma reuni\u00e3o destes representantes do governo com os empres\u00e1rios, no Detran, para manter o controle como uma a\u00e7\u00e3o constante que impede a volta dos comerciantes ilegais. Os empres\u00e1rios preparam projeto para ser apresentado ao GDF e a coordena\u00e7\u00e3o das a\u00e7\u00f5es ficar\u00e1 por conta do administrador de Bras\u00edlia, Marcos Pacco.<\/p>\n<hr \/>\n<p style=\"text-align: justify;\">Fonte: <a href=\"http:\/\/www.sde.df.gov.br\/noticias-1\/item\/2378-gdf-explica-a-empres%C3%A1rios-como-est%C3%A1-combatendo-com%C3%A9rcio-irregular.html\" target=\"_blank\">SDE DF<\/a>.<\/p>\n","protected":false},"excerpt":{"rendered":"<p>Ascom SEDES Representantes de diversos \u00f3rg\u00e3os do Governo de Bras\u00edlia se reuniram nesta sexta-feira (9) com empres\u00e1rios para explicar como o governo est\u00e1 combatendo o com\u00e9rcio irregular no Distrito Federal. A A\u00e7\u00e3o Integrada do GDF para combater o com\u00e9rcio irregular com a formaliza\u00e7\u00e3o das empresas e empreendedores, como ocorre na regi\u00e3o da Orla JK, junto&#8230;<\/p>\n","protected":false},"author":1,"featured_media":910,"comment_status":"closed","ping_status":"closed","sticky":false,"template":"","format":"standard","meta":{"footnotes":""},"categories":[21],"tags":[],"_links":{"self":[{"href":"https:\/\/soaresadvocacia.adv.br\/site\/wp-json\/wp\/v2\/posts\/1069"}],"collection":[{"href":"https:\/\/soaresadvocacia.adv.br\/site\/wp-json\/wp\/v2\/posts"}],"about":[{"href":"https:\/\/soaresadvocacia.adv.br\/site\/wp-json\/wp\/v2\/types\/post"}],"author":[{"embeddable":true,"href":"https:\/\/soaresadvocacia.adv.br\/site\/wp-json\/wp\/v2\/users\/1"}],"replies":[{"embeddable":true,"href":"https:\/\/soaresadvocacia.adv.br\/site\/wp-json\/wp\/v2\/comments?post=1069"}],"version-history":[{"count":2,"href":"https:\/\/soaresadvocacia.adv.br\/site\/wp-json\/wp\/v2\/posts\/1069\/revisions"}],"predecessor-version":[{"id":1071,"href":"https:\/\/soaresadvocacia.adv.br\/site\/wp-json\/wp\/v2\/posts\/1069\/revisions\/1071"}],"wp:featuredmedia":[{"embeddable":true,"href":"https:\/\/soaresadvocacia.adv.br\/site\/wp-json\/wp\/v2\/media\/910"}],"wp:attachment":[{"href":"https:\/\/soaresadvocacia.adv.br\/site\/wp-json\/wp\/v2\/media?parent=1069"}],"wp:term":[{"taxonomy":"category","embeddable":true,"href":"https:\/\/soaresadvocacia.adv.br\/site\/wp-json\/wp\/v2\/categories?post=1069"},{"taxonomy":"post_tag","embeddable":true,"href":"https:\/\/soaresadvocacia.adv.br\/site\/wp-json\/wp\/v2\/tags?post=1069"}],"curies":[{"name":"wp","href":"https:\/\/api.w.org\/{rel}","templated":true}]}}